{"id":5278,"date":"2025-04-02T00:08:21","date_gmt":"2025-04-02T00:08:21","guid":{"rendered":"https:\/\/webradioiadj.com.br\/?p=5278"},"modified":"2025-04-02T00:15:27","modified_gmt":"2025-04-02T00:15:27","slug":"novas-regras-para-emissao-de-notas-fiscais-por-meis-entram-em-vigor","status":"publish","type":"post","link":"https:\/\/webradioiadj.com.br\/?p=5278","title":{"rendered":"Novas regras para emiss\u00e3o de notas fiscais por MEIs entram em vigor"},"content":{"rendered":"<p>A partir de hoje, 1\u00ba de abril de 2025, entram em vigor novas regras para a emiss\u00e3o de notas fiscais eletr\u00f4nicas (NF-e) e de consumidor (NFC-e) por Microempreendedores Individuais (MEIs) que comercializam produtos. As mudan\u00e7as exigem que os MEIs atualizem dados e c\u00f3digos no sistema.<\/p>\n<p>Uma das principais altera\u00e7\u00f5es envolve a necessidade de incluir o C\u00f3digo de Regime Tribut\u00e1rio Simples Nacional \u2013 MEI (CRT 4), que deve ser utilizado junto com o C\u00f3digo Fiscal de Opera\u00e7\u00f5es e Presta\u00e7\u00f5es (CFOP), que identifica o tipo de transa\u00e7\u00e3o, como venda ou devolu\u00e7\u00e3o, e seu impacto tribut\u00e1rio.<\/p>\n<p>Al\u00e9m disso, os MEIs dever\u00e3o preencher corretamente os campos relacionados ao regime tribut\u00e1rio, com a valida\u00e7\u00e3o sendo feita pela Secretaria da Fazenda estadual. Para transa\u00e7\u00f5es internas e interestaduais, devem ser utilizados c\u00f3digos espec\u00edficos fornecidos pela Receita Federal.<\/p>\n<p>O Sebrae tamb\u00e9m destaca que, nas vendas interestaduais para n\u00e3o contribuintes, o preenchimento de informa\u00e7\u00f5es sobre o Diferencial de Al\u00edquotas n\u00e3o ser\u00e1 necess\u00e1rio, uma vez que o CRT 4 isenta essa obrigatoriedade.<\/p>\n<p>Essas mudan\u00e7as fazem parte de um conjunto de atualiza\u00e7\u00f5es que incluem altera\u00e7\u00f5es no teto de faturamento, contribui\u00e7\u00f5es mensais e na emiss\u00e3o de notas fiscais. O Portal do Empreendedor \u00e9 o local para realizar as atualiza\u00e7\u00f5es e acessar os novos servi\u00e7os.<\/p>\n","protected":false},"excerpt":{"rendered":"<p>A partir de hoje, 1\u00ba de abril de 2025, entram em vigor novas regras para a emiss\u00e3o de notas fiscais eletr\u00f4nicas (NF-e) e de consumidor (NFC-e) por Microempreendedores Individuais (MEIs) que comercializam produtos. As mudan\u00e7as exigem que os MEIs atualizem dados e c\u00f3digos no sistema. Uma das principais altera\u00e7\u00f5es envolve a necessidade de incluir o [&hellip;]<\/p>\n","protected":false},"author":1,"featured_media":5279,"comment_status":"closed","ping_status":"closed","sticky":false,"template":"","format":"standard","meta":{"footnotes":""},"categories":[1],"tags":[],"class_list":["post-5278","post","type-post","status-publish","format-standard","has-post-thumbnail","hentry","category-noticia"],"_links":{"self":[{"href":"https:\/\/webradioiadj.com.br\/index.php?rest_route=\/wp\/v2\/posts\/5278","targetHints":{"allow":["GET"]}}],"collection":[{"href":"https:\/\/webradioiadj.com.br\/index.php?rest_route=\/wp\/v2\/posts"}],"about":[{"href":"https:\/\/webradioiadj.com.br\/index.php?rest_route=\/wp\/v2\/types\/post"}],"author":[{"embeddable":true,"href":"https:\/\/webradioiadj.com.br\/index.php?rest_route=\/wp\/v2\/users\/1"}],"replies":[{"embeddable":true,"href":"https:\/\/webradioiadj.com.br\/index.php?rest_route=%2Fwp%2Fv2%2Fcomments&post=5278"}],"version-history":[{"count":1,"href":"https:\/\/webradioiadj.com.br\/index.php?rest_route=\/wp\/v2\/posts\/5278\/revisions"}],"predecessor-version":[{"id":5280,"href":"https:\/\/webradioiadj.com.br\/index.php?rest_route=\/wp\/v2\/posts\/5278\/revisions\/5280"}],"wp:featuredmedia":[{"embeddable":true,"href":"https:\/\/webradioiadj.com.br\/index.php?rest_route=\/wp\/v2\/media\/5279"}],"wp:attachment":[{"href":"https:\/\/webradioiadj.com.br\/index.php?rest_route=%2Fwp%2Fv2%2Fmedia&parent=5278"}],"wp:term":[{"taxonomy":"category","embeddable":true,"href":"https:\/\/webradioiadj.com.br\/index.php?rest_route=%2Fwp%2Fv2%2Fcategories&post=5278"},{"taxonomy":"post_tag","embeddable":true,"href":"https:\/\/webradioiadj.com.br\/index.php?rest_route=%2Fwp%2Fv2%2Ftags&post=5278"}],"curies":[{"name":"wp","href":"https:\/\/api.w.org\/{rel}","templated":true}]}}